{"id":12686,"date":"2024-01-04T13:33:50","date_gmt":"2024-01-04T12:33:50","guid":{"rendered":"https:\/\/pkbwl.gov.pl\/?p=12686"},"modified":"2024-03-05T21:48:02","modified_gmt":"2024-03-05T20:48:02","slug":"badanie-pkbwl-wypadek-samolot-aeroprakt-a-22l2-sp-swoz-obornik-slonawy-31-12-2023","status":"publish","type":"post","link":"https:\/\/pkbwl.gov.pl\/aktualnosci\/badanie-pkbwl-wypadek-samolot-aeroprakt-a-22l2-sp-swoz-obornik-slonawy-31-12-2023\/","title":{"rendered":"Badanie PKBWL &#8211; wypadek, samolot Aeroprakt A-22L2 (SP-SWOZ), Obornik-S\u0142onawy, 31\/12\/2023"},"content":{"rendered":"\t\t<div data-elementor-type=\"wp-post\" data-elementor-id=\"12686\" class=\"elementor elementor-12686\" data-elementor-post-type=\"post\">\n\t\t\t\t\t\t<section class=\"elementor-section elementor-top-section elementor-element elementor-element-5447f7de elementor-section-boxed elementor-section-height-default elementor-section-height-default wpr-particle-no wpr-jarallax-no wpr-parallax-no wpr-sticky-section-no\" data-id=\"5447f7de\" data-element_type=\"section\">\n\t\t\t\t\t\t<div class=\"elementor-container elementor-column-gap-default\">\n\t\t\t\t\t<div class=\"elementor-column elementor-col-100 elementor-top-column elementor-element elementor-element-1aa10f25\" data-id=\"1aa10f25\" data-element_type=\"column\">\n\t\t\t<div class=\"elementor-widget-wrap elementor-element-populated\">\n\t\t\t\t\t\t<div class=\"elementor-element elementor-element-832181b elementor-widget elementor-widget-image\" data-id=\"832181b\" data-element_type=\"widget\" data-widget_type=\"image.default\">\n\t\t\t\t<div class=\"elementor-widget-container\">\n\t\t\t\t\t\t\t\t\t\t\t\t\t\t\t<img fetchpriority=\"high\" decoding=\"async\" width=\"1004\" height=\"626\" src=\"https:\/\/pkbwl.gov.pl\/wp-content\/uploads\/2024\/01\/output-onlinejpgtools.jpg\" class=\"attachment-full size-full wp-image-12694\" alt=\"\" srcset=\"https:\/\/pkbwl.gov.pl\/wp-content\/uploads\/2024\/01\/output-onlinejpgtools.jpg 1004w, https:\/\/pkbwl.gov.pl\/wp-content\/uploads\/2024\/01\/output-onlinejpgtools-300x187.jpg 300w, https:\/\/pkbwl.gov.pl\/wp-content\/uploads\/2024\/01\/output-onlinejpgtools-768x479.jpg 768w\" sizes=\"(max-width: 1004px) 100vw, 1004px\" \/>\t\t\t\t\t\t\t\t\t\t\t\t\t\t\t<\/div>\n\t\t\t\t<\/div>\n\t\t\t\t<div class=\"elementor-element elementor-element-66b7628f elementor-widget elementor-widget-text-editor\" data-id=\"66b7628f\" data-element_type=\"widget\" data-widget_type=\"text-editor.default\">\n\t\t\t\t<div class=\"elementor-widget-container\">\n\t\t\t\t\t\t\t\t\t<p><\/p>\n<p>Informujemy, \u017ce PKBWL podj\u0119\u0142a badanie wypadku z udzia\u0142em samolotu Aeroprakt A-22L2 (SP-SWOZ), do kt\u00f3rego dosz\u0142o 31 grudnia 2023 r.<\/p>\n<p><\/p>\n<p><\/p>\n<p>Podczas lotu po kr\u0119gu na prostej do l\u0105dowania przed samolotem pojawi\u0142a si\u0119 motolotnia bez \u0142\u0105czno\u015bci. Pilot odszed\u0142 w prawo, a po doleceniu do linii lasu samolot przechyli\u0142 si\u0119 i zderzy\u0142 z drzewami. Pilot nie odni\u00f3s\u0142 obra\u017ce\u0144 cia\u0142a. Pasa\u017cer z nim lec\u0105cy odni\u00f3s\u0142 nieznaczne obra\u017cenia. Samolot zosta\u0142 zniszczony.<\/p>\n<p><\/p>\n<p><\/p>\n<p>Informacje o zaistnia\u0142ym powa\u017cnym incydencie o nr 2023-0083 znajduj\u0105 si\u0119 r\u00f3wnie\u017c w rejestrze zdarze\u0144 (<a href=\"https:\/\/pkbwl.gov.pl\/raporty\/2023-0083\/\">link<\/a>).<\/p>\n<p><\/p>\t\t\t\t\t\t\t\t<\/div>\n\t\t\t\t<\/div>\n\t\t\t\t\t<\/div>\n\t\t<\/div>\n\t\t\t\t\t<\/div>\n\t\t<\/section>\n\t\t\t\t<\/div>\n\t\t","protected":false},"excerpt":{"rendered":"<p>Informujemy, \u017ce PKBWL podj\u0119\u0142a badanie wypadku z udzia\u0142em samolotu Aeroprakt A-22L2 (SP-SWOZ), do kt\u00f3rego dosz\u0142o 31 grudnia 2023 r.<\/p>\n","protected":false},"author":10,"featured_media":12692,"comment_status":"closed","ping_status":"closed","sticky":false,"template":"","format":"standard","meta":{"footnotes":""},"categories":[39],"tags":[],"class_list":["post-12686","post","type-post","status-publish","format-standard","has-post-thumbnail","hentry","category-aktualnosci"],"_links":{"self":[{"href":"https:\/\/pkbwl.gov.pl\/api\/wp\/v2\/posts\/12686","targetHints":{"allow":["GET"]}}],"collection":[{"href":"https:\/\/pkbwl.gov.pl\/api\/wp\/v2\/posts"}],"about":[{"href":"https:\/\/pkbwl.gov.pl\/api\/wp\/v2\/types\/post"}],"author":[{"embeddable":true,"href":"https:\/\/pkbwl.gov.pl\/api\/wp\/v2\/users\/10"}],"replies":[{"embeddable":true,"href":"https:\/\/pkbwl.gov.pl\/api\/wp\/v2\/comments?post=12686"}],"version-history":[{"count":13,"href":"https:\/\/pkbwl.gov.pl\/api\/wp\/v2\/posts\/12686\/revisions"}],"predecessor-version":[{"id":12922,"href":"https:\/\/pkbwl.gov.pl\/api\/wp\/v2\/posts\/12686\/revisions\/12922"}],"wp:featuredmedia":[{"embeddable":true,"href":"https:\/\/pkbwl.gov.pl\/api\/wp\/v2\/media\/12692"}],"wp:attachment":[{"href":"https:\/\/pkbwl.gov.pl\/api\/wp\/v2\/media?parent=12686"}],"wp:term":[{"taxonomy":"category","embeddable":true,"href":"https:\/\/pkbwl.gov.pl\/api\/wp\/v2\/categories?post=12686"},{"taxonomy":"post_tag","embeddable":true,"href":"https:\/\/pkbwl.gov.pl\/api\/wp\/v2\/tags?post=12686"}],"curies":[{"name":"wp","href":"https:\/\/api.w.org\/{rel}","templated":true}]}}