{"id":12901,"date":"2024-03-04T20:30:40","date_gmt":"2024-03-04T19:30:40","guid":{"rendered":"https:\/\/pkbwl.gov.pl\/?p=12901"},"modified":"2024-03-18T11:51:04","modified_gmt":"2024-03-18T10:51:04","slug":"badanie-pkbwl-wypadek-cessna-150-sp-ekiq-warszawa-wawer-1-03-2024","status":"publish","type":"post","link":"https:\/\/pkbwl.gov.pl\/aktualnosci\/badanie-pkbwl-wypadek-cessna-150-sp-ekiq-warszawa-wawer-1-03-2024\/","title":{"rendered":"Badanie PKBWL &#8211; wypadek, Cessna 150 (D-EKIQ), Warszawa\/Wawer, 1\/03\/2024"},"content":{"rendered":"\t\t<div data-elementor-type=\"wp-post\" data-elementor-id=\"12901\" class=\"elementor elementor-12901\" data-elementor-post-type=\"post\">\n\t\t\t\t\t\t<section class=\"elementor-section elementor-top-section elementor-element elementor-element-c814c7c elementor-section-boxed elementor-section-height-default elementor-section-height-default wpr-particle-no wpr-jarallax-no wpr-parallax-no wpr-sticky-section-no\" data-id=\"c814c7c\" data-element_type=\"section\">\n\t\t\t\t\t\t<div class=\"elementor-container elementor-column-gap-default\">\n\t\t\t\t\t<div class=\"elementor-column elementor-col-100 elementor-top-column elementor-element elementor-element-330c0407\" data-id=\"330c0407\" data-element_type=\"column\">\n\t\t\t<div class=\"elementor-widget-wrap elementor-element-populated\">\n\t\t\t\t\t\t<div class=\"elementor-element elementor-element-bd9ecdd elementor-widget elementor-widget-image\" data-id=\"bd9ecdd\" data-element_type=\"widget\" data-widget_type=\"image.default\">\n\t\t\t\t<div class=\"elementor-widget-container\">\n\t\t\t\t\t\t\t\t\t\t\t\t\t\t\t<img fetchpriority=\"high\" decoding=\"async\" width=\"2000\" height=\"1600\" src=\"https:\/\/pkbwl.gov.pl\/wp-content\/uploads\/2024\/03\/Warszawa-Wawer-wypadek.png\" class=\"attachment-full size-full wp-image-12902\" alt=\"\" srcset=\"https:\/\/pkbwl.gov.pl\/wp-content\/uploads\/2024\/03\/Warszawa-Wawer-wypadek.png 2000w, https:\/\/pkbwl.gov.pl\/wp-content\/uploads\/2024\/03\/Warszawa-Wawer-wypadek-300x240.png 300w, https:\/\/pkbwl.gov.pl\/wp-content\/uploads\/2024\/03\/Warszawa-Wawer-wypadek-1024x819.png 1024w, https:\/\/pkbwl.gov.pl\/wp-content\/uploads\/2024\/03\/Warszawa-Wawer-wypadek-768x614.png 768w, https:\/\/pkbwl.gov.pl\/wp-content\/uploads\/2024\/03\/Warszawa-Wawer-wypadek-1536x1229.png 1536w\" sizes=\"(max-width: 2000px) 100vw, 2000px\" \/>\t\t\t\t\t\t\t\t\t\t\t\t\t\t\t<\/div>\n\t\t\t\t<\/div>\n\t\t\t\t<div class=\"elementor-element elementor-element-481b0258 elementor-widget elementor-widget-text-editor\" data-id=\"481b0258\" data-element_type=\"widget\" data-widget_type=\"text-editor.default\">\n\t\t\t\t<div class=\"elementor-widget-container\">\n\t\t\t\t\t\t\t\t\t<p><\/p>\n<p>Informujemy, \u017ce PKBWL podj\u0119\u0142a badanie wypadku z udzia\u0142em samolotu Cessna 150 (D-EKIQ), do kt\u00f3rego dosz\u0142o 1 marca 2024 r. w Warszawie w dzielnicy Wawer.<\/p>\n<p><\/p>\n<p><\/p>\n<p>W wyniku wypadku pilot i pasa\u017cer nie odnie\u015bli obra\u017ce\u0144. Samolot uleg\u0142 uszkodzeniu.<\/p>\n<p><\/p>\n<p><\/p>\n<p>Informacje o zaistnia\u0142ym wypadku o nr 2024-0009 znajduj\u0105 si\u0119 r\u00f3wnie\u017c w rejestrze zdarze\u0144 (<a href=\"https:\/\/pkbwl.gov.pl\/raporty\/2024-0009\/\">link<\/a>).<\/p>\n<p><\/p>\t\t\t\t\t\t\t\t<\/div>\n\t\t\t\t<\/div>\n\t\t\t\t\t<\/div>\n\t\t<\/div>\n\t\t\t\t\t<\/div>\n\t\t<\/section>\n\t\t\t\t<\/div>\n\t\t","protected":false},"excerpt":{"rendered":"<p>Informujemy, \u017ce PKBWL podj\u0119\u0142a badanie wypadku z udzia\u0142em samolotu Cessna 150 (D-EKIQ), do kt\u00f3rego dosz\u0142o 1 marca 2024 r. w Warszawie w dzielnicy Wawer.<\/p>\n","protected":false},"author":10,"featured_media":12909,"comment_status":"closed","ping_status":"closed","sticky":false,"template":"","format":"standard","meta":{"footnotes":""},"categories":[39],"tags":[],"class_list":["post-12901","post","type-post","status-publish","format-standard","has-post-thumbnail","hentry","category-aktualnosci"],"_links":{"self":[{"href":"https:\/\/pkbwl.gov.pl\/api\/wp\/v2\/posts\/12901","targetHints":{"allow":["GET"]}}],"collection":[{"href":"https:\/\/pkbwl.gov.pl\/api\/wp\/v2\/posts"}],"about":[{"href":"https:\/\/pkbwl.gov.pl\/api\/wp\/v2\/types\/post"}],"author":[{"embeddable":true,"href":"https:\/\/pkbwl.gov.pl\/api\/wp\/v2\/users\/10"}],"replies":[{"embeddable":true,"href":"https:\/\/pkbwl.gov.pl\/api\/wp\/v2\/comments?post=12901"}],"version-history":[{"count":14,"href":"https:\/\/pkbwl.gov.pl\/api\/wp\/v2\/posts\/12901\/revisions"}],"predecessor-version":[{"id":12921,"href":"https:\/\/pkbwl.gov.pl\/api\/wp\/v2\/posts\/12901\/revisions\/12921"}],"wp:featuredmedia":[{"embeddable":true,"href":"https:\/\/pkbwl.gov.pl\/api\/wp\/v2\/media\/12909"}],"wp:attachment":[{"href":"https:\/\/pkbwl.gov.pl\/api\/wp\/v2\/media?parent=12901"}],"wp:term":[{"taxonomy":"category","embeddable":true,"href":"https:\/\/pkbwl.gov.pl\/api\/wp\/v2\/categories?post=12901"},{"taxonomy":"post_tag","embeddable":true,"href":"https:\/\/pkbwl.gov.pl\/api\/wp\/v2\/tags?post=12901"}],"curies":[{"name":"wp","href":"https:\/\/api.w.org\/{rel}","templated":true}]}}