{"id":13015,"date":"2024-03-29T13:10:58","date_gmt":"2024-03-29T12:10:58","guid":{"rendered":"https:\/\/pkbwl.gov.pl\/?p=13015"},"modified":"2024-04-16T10:30:20","modified_gmt":"2024-04-16T09:30:20","slug":"raport-wstepny-pkbwl-wypadek-cessna-150-d-ekiq-warszawa-wawer-1-03-2024","status":"publish","type":"post","link":"https:\/\/pkbwl.gov.pl\/aktualnosci\/raport-wstepny-pkbwl-wypadek-cessna-150-d-ekiq-warszawa-wawer-1-03-2024\/","title":{"rendered":"Raport wst\u0119pny PKBWL \u2013 wypadek, Cessna 150 (D-EKIQ), Warszawa\/Wawer, 1\/03\/2024"},"content":{"rendered":"\n<p>Informujemy, i\u017c raport wst\u0119pny dotycz\u0105cy wypadku samolotu Cessna 150 (D-EKIQ), do kt\u00f3rego dosz\u0142o 1 marca 2024 r.\u00a0w Warszawie w dzielnicy Wawer zosta\u0142 opublikowany.<\/p>\n\n\n\n<p>W wyniku wypadku pilot i pasa\u017cer nie odnie\u015bli obra\u017ce\u0144. Samolot uleg\u0142 uszkodzeniu.<\/p>\n\n\n\n<p>Raport wst\u0119pny nr 2024-0009 w sprawie niniejszego wypadku znajduje si\u0119 w nast\u0119puj\u0105cym\u00a0<a href=\"https:\/\/pkbwl.gov.pl\/wp-content\/uploads\/2024\/03\/2024-0009-RW.pdf\">linku<\/a>.<\/p>\n","protected":false},"excerpt":{"rendered":"<p>Informujemy, i\u017c raport wst\u0119pny dotycz\u0105cy wypadku samolotu Cessna 150 (D-EKIQ), do kt\u00f3rego dosz\u0142o 1 marca 2024 r.\u00a0w Warszawie w dzielnicy Wawer zosta\u0142 opublikowany.<\/p>\n","protected":false},"author":10,"featured_media":12909,"comment_status":"closed","ping_status":"closed","sticky":false,"template":"","format":"standard","meta":{"footnotes":""},"categories":[39],"tags":[],"class_list":["post-13015","post","type-post","status-publish","format-standard","has-post-thumbnail","hentry","category-aktualnosci"],"_links":{"self":[{"href":"https:\/\/pkbwl.gov.pl\/api\/wp\/v2\/posts\/13015","targetHints":{"allow":["GET"]}}],"collection":[{"href":"https:\/\/pkbwl.gov.pl\/api\/wp\/v2\/posts"}],"about":[{"href":"https:\/\/pkbwl.gov.pl\/api\/wp\/v2\/types\/post"}],"author":[{"embeddable":true,"href":"https:\/\/pkbwl.gov.pl\/api\/wp\/v2\/users\/10"}],"replies":[{"embeddable":true,"href":"https:\/\/pkbwl.gov.pl\/api\/wp\/v2\/comments?post=13015"}],"version-history":[{"count":1,"href":"https:\/\/pkbwl.gov.pl\/api\/wp\/v2\/posts\/13015\/revisions"}],"predecessor-version":[{"id":13016,"href":"https:\/\/pkbwl.gov.pl\/api\/wp\/v2\/posts\/13015\/revisions\/13016"}],"wp:featuredmedia":[{"embeddable":true,"href":"https:\/\/pkbwl.gov.pl\/api\/wp\/v2\/media\/12909"}],"wp:attachment":[{"href":"https:\/\/pkbwl.gov.pl\/api\/wp\/v2\/media?parent=13015"}],"wp:term":[{"taxonomy":"category","embeddable":true,"href":"https:\/\/pkbwl.gov.pl\/api\/wp\/v2\/categories?post=13015"},{"taxonomy":"post_tag","embeddable":true,"href":"https:\/\/pkbwl.gov.pl\/api\/wp\/v2\/tags?post=13015"}],"curies":[{"name":"wp","href":"https:\/\/api.w.org\/{rel}","templated":true}]}}