{"id":16259,"date":"2025-03-07T16:33:43","date_gmt":"2025-03-07T15:33:43","guid":{"rendered":"https:\/\/pkbwl.gov.pl\/?p=16259"},"modified":"2026-02-26T10:54:10","modified_gmt":"2026-02-26T09:54:10","slug":"komunikat-pkbwl-dot-wypadku-wiatrakowca-tercel","status":"publish","type":"post","link":"https:\/\/pkbwl.gov.pl\/aktualnosci\/komunikat-pkbwl-dot-wypadku-wiatrakowca-tercel\/","title":{"rendered":"Komunikat PKBWL dot. wypadku wiatrakowca Tercel"},"content":{"rendered":"\n<p>W dniu 06 marca 2025 r. na l\u0105dowisku Baran\u00f3w ko\u0142o Warszawy mia\u0142 miejsce wypadek wiatrakowca Tercel produkcji Aviation Artur Trendak.<\/p>\n\n\n\n<p>Na chwil\u0119 obecn\u0105 ustalono nast\u0119puj\u0105cy przebieg wypadku:<\/p>\n\n\n\n<p>W trakcie kolejnego lotu po kr\u0119gu za\u0142oga ( ucze\u0144-pilot i instruktor) odczu\u0142a w locie nieokre\u015blony efekt akustyczny a nast\u0119pnie spadek mocy silnika. Instruktor podj\u0105\u0142 decyzj\u0119 o natychmiastowym l\u0105dowaniu. Po przyziemieniu wiatrakowiec zapali\u0142 si\u0119 i sp\u0142on\u0105\u0142. Ucze\u0144-pilot opu\u015bci\u0142 kabin\u0119 nie odnosz\u0105c \u017cadnych obra\u017ce\u0144 a instruktor dozna\u0142 oparze\u0144 twarzy.<\/p>\n\n\n\n<p>Komisja zaleca u\u017cytkownikom wiatrakowc\u00f3w Tercel produkcji Aviation Artur Trendak&nbsp; niezw\u0142oczne sprawdzenie wykonania biuletyn\u00f3w dotycz\u0105cych instalacji paliwowej dost\u0119pnych na stronie producenta <a href=\"https:\/\/trendak.eu\/do-pobrania\/\">https:\/\/trendak.eu\/do-pobrania\/<\/a>.<\/p>\n\n\n\n<figure class=\"wp-block-gallery has-nested-images columns-default is-cropped wp-block-gallery-1 is-layout-flex wp-block-gallery-is-layout-flex\">\n<figure class=\"wp-block-image size-large\"><img fetchpriority=\"high\" decoding=\"async\" width=\"1024\" height=\"768\" data-id=\"16261\" src=\"https:\/\/pkbwl.gov.pl\/wp-content\/uploads\/2025\/03\/IMG_1458-1-1024x768.jpg\" alt=\"\" class=\"wp-image-16261\" srcset=\"https:\/\/pkbwl.gov.pl\/wp-content\/uploads\/2025\/03\/IMG_1458-1-1024x768.jpg 1024w, https:\/\/pkbwl.gov.pl\/wp-content\/uploads\/2025\/03\/IMG_1458-1-300x225.jpg 300w, https:\/\/pkbwl.gov.pl\/wp-content\/uploads\/2025\/03\/IMG_1458-1-768x576.jpg 768w, https:\/\/pkbwl.gov.pl\/wp-content\/uploads\/2025\/03\/IMG_1458-1-1536x1152.jpg 1536w, https:\/\/pkbwl.gov.pl\/wp-content\/uploads\/2025\/03\/IMG_1458-1-2048x1536.jpg 2048w\" sizes=\"(max-width: 1024px) 100vw, 1024px\" \/><\/figure>\n<\/figure>\n","protected":false},"excerpt":{"rendered":"<p>W dniu 06 marca 2025 r. na l\u0105dowisku Baran\u00f3w ko\u0142o Warszawy mia\u0142 miejsce wypadek wiatrakowca Tercel produkcji Aviation Artur Trendak.<\/p>\n","protected":false},"author":39,"featured_media":16255,"comment_status":"closed","ping_status":"closed","sticky":false,"template":"","format":"standard","meta":{"footnotes":""},"categories":[39,42],"tags":[],"class_list":["post-16259","post","type-post","status-publish","format-standard","has-post-thumbnail","hentry","category-aktualnosci","category-wyroznione"],"_links":{"self":[{"href":"https:\/\/pkbwl.gov.pl\/api\/wp\/v2\/posts\/16259","targetHints":{"allow":["GET"]}}],"collection":[{"href":"https:\/\/pkbwl.gov.pl\/api\/wp\/v2\/posts"}],"about":[{"href":"https:\/\/pkbwl.gov.pl\/api\/wp\/v2\/types\/post"}],"author":[{"embeddable":true,"href":"https:\/\/pkbwl.gov.pl\/api\/wp\/v2\/users\/39"}],"replies":[{"embeddable":true,"href":"https:\/\/pkbwl.gov.pl\/api\/wp\/v2\/comments?post=16259"}],"version-history":[{"count":1,"href":"https:\/\/pkbwl.gov.pl\/api\/wp\/v2\/posts\/16259\/revisions"}],"predecessor-version":[{"id":16262,"href":"https:\/\/pkbwl.gov.pl\/api\/wp\/v2\/posts\/16259\/revisions\/16262"}],"wp:featuredmedia":[{"embeddable":true,"href":"https:\/\/pkbwl.gov.pl\/api\/wp\/v2\/media\/16255"}],"wp:attachment":[{"href":"https:\/\/pkbwl.gov.pl\/api\/wp\/v2\/media?parent=16259"}],"wp:term":[{"taxonomy":"category","embeddable":true,"href":"https:\/\/pkbwl.gov.pl\/api\/wp\/v2\/categories?post=16259"},{"taxonomy":"post_tag","embeddable":true,"href":"https:\/\/pkbwl.gov.pl\/api\/wp\/v2\/tags?post=16259"}],"curies":[{"name":"wp","href":"https:\/\/api.w.org\/{rel}","templated":true}]}}